{"id":2880,"date":"2025-11-14T09:42:07","date_gmt":"2025-11-14T08:42:07","guid":{"rendered":"https:\/\/programme-slime.fr\/?p=2880"},"modified":"2025-12-09T16:15:22","modified_gmt":"2025-12-09T15:15:22","slug":"le-parc-national-regional-pnr-des-grands-causses-sengage-dans-le-slime","status":"publish","type":"post","link":"https:\/\/programme-slime.fr\/actualites\/le-parc-national-regional-pnr-des-grands-causses-sengage-dans-le-slime\/","title":{"rendered":"Le Parc naturel r\u00e9gional (PNR) des Grands Causses s\u2019engage dans le programme Slime"},"content":{"rendered":"","protected":false},"excerpt":{"rendered":"","protected":false},"author":2,"featured_media":0,"comment_status":"closed","ping_status":"closed","sticky":false,"template":"","format":"standard","meta":{"_acf_changed":false,"footnotes":""},"categories":[4],"tags":[],"class_list":["post-2880","post","type-post","status-publish","format-standard","hentry","category-actualites"],"acf":[],"yoast_head":"<!-- This site is optimized with the Yoast SEO plugin v26.6 - https:\/\/yoast.com\/wordpress\/plugins\/seo\/ -->\n<title>Le Parc naturel r\u00e9gional (PNR) des Grands Causses s\u2019engage dans le programme Slime - Programme Slime<\/title>\n<meta name=\"robots\" content=\"index, follow, max-snippet:-1, max-image-preview:large, max-video-preview:-1\" \/>\n<link rel=\"canonical\" href=\"https:\/\/programme-slime.fr\/actualites\/le-parc-national-regional-pnr-des-grands-causses-sengage-dans-le-slime\/\" \/>\n<meta property=\"og:locale\" content=\"fr_FR\" \/>\n<meta property=\"og:type\" content=\"article\" \/>\n<meta property=\"og:title\" content=\"Le Parc naturel r\u00e9gional (PNR) des Grands Causses s\u2019engage dans le programme Slime - Programme Slime\" \/>\n<meta property=\"og:url\" content=\"https:\/\/programme-slime.fr\/actualites\/le-parc-national-regional-pnr-des-grands-causses-sengage-dans-le-slime\/\" \/>\n<meta property=\"og:site_name\" content=\"Programme Slime\" \/>\n<meta property=\"article:published_time\" content=\"2025-11-14T08:42:07+00:00\" \/>\n<meta property=\"article:modified_time\" content=\"2025-12-09T15:15:22+00:00\" \/>\n<meta name=\"author\" content=\"eleonore\" \/>\n<meta name=\"twitter:card\" content=\"summary_large_image\" \/>\n<meta name=\"twitter:label1\" content=\"\u00c9crit par\" \/>\n\t<meta name=\"twitter:data1\" content=\"eleonore\" \/>\n\t<meta name=\"twitter:label2\" content=\"Dur\u00e9e de lecture estim\u00e9e\" \/>\n\t<meta name=\"twitter:data2\" content=\"4 minutes\" \/>\n<script type=\"application\/ld+json\" class=\"yoast-schema-graph\">{\"@context\":\"https:\/\/schema.org\",\"@graph\":[{\"@type\":\"Article\",\"@id\":\"https:\/\/programme-slime.fr\/actualites\/le-parc-national-regional-pnr-des-grands-causses-sengage-dans-le-slime\/#article\",\"isPartOf\":{\"@id\":\"https:\/\/programme-slime.fr\/actualites\/le-parc-national-regional-pnr-des-grands-causses-sengage-dans-le-slime\/\"},\"author\":{\"name\":\"eleonore\",\"@id\":\"https:\/\/programme-slime.fr\/#\/schema\/person\/af01f7bfbdab88fc11a8b79797e47e1e\"},\"headline\":\"Le Parc naturel r\u00e9gional (PNR) des Grands Causses s\u2019engage dans le programme Slime\",\"datePublished\":\"2025-11-14T08:42:07+00:00\",\"dateModified\":\"2025-12-09T15:15:22+00:00\",\"mainEntityOfPage\":{\"@id\":\"https:\/\/programme-slime.fr\/actualites\/le-parc-national-regional-pnr-des-grands-causses-sengage-dans-le-slime\/\"},\"wordCount\":15,\"publisher\":{\"@id\":\"https:\/\/programme-slime.fr\/#organization\"},\"articleSection\":[\"Actualit\u00e9s du programme\"],\"inLanguage\":\"fr-FR\"},{\"@type\":\"WebPage\",\"@id\":\"https:\/\/programme-slime.fr\/actualites\/le-parc-national-regional-pnr-des-grands-causses-sengage-dans-le-slime\/\",\"url\":\"https:\/\/programme-slime.fr\/actualites\/le-parc-national-regional-pnr-des-grands-causses-sengage-dans-le-slime\/\",\"name\":\"Le Parc naturel r\u00e9gional (PNR) des Grands Causses s\u2019engage dans le programme Slime - Programme Slime\",\"isPartOf\":{\"@id\":\"https:\/\/programme-slime.fr\/#website\"},\"datePublished\":\"2025-11-14T08:42:07+00:00\",\"dateModified\":\"2025-12-09T15:15:22+00:00\",\"breadcrumb\":{\"@id\":\"https:\/\/programme-slime.fr\/actualites\/le-parc-national-regional-pnr-des-grands-causses-sengage-dans-le-slime\/#breadcrumb\"},\"inLanguage\":\"fr-FR\",\"potentialAction\":[{\"@type\":\"ReadAction\",\"target\":[\"https:\/\/programme-slime.fr\/actualites\/le-parc-national-regional-pnr-des-grands-causses-sengage-dans-le-slime\/\"]}]},{\"@type\":\"BreadcrumbList\",\"@id\":\"https:\/\/programme-slime.fr\/actualites\/le-parc-national-regional-pnr-des-grands-causses-sengage-dans-le-slime\/#breadcrumb\",\"itemListElement\":[{\"@type\":\"ListItem\",\"position\":1,\"name\":\"Accueil\",\"item\":\"https:\/\/programme-slime.fr\/\"},{\"@type\":\"ListItem\",\"position\":2,\"name\":\"Le Parc naturel r\u00e9gional (PNR) des Grands Causses s\u2019engage dans le programme Slime\"}]},{\"@type\":\"WebSite\",\"@id\":\"https:\/\/programme-slime.fr\/#website\",\"url\":\"https:\/\/programme-slime.fr\/\",\"name\":\"Programme Slime\",\"description\":\"Une solution pour agir contre la pr\u00e9carit\u00e9 \u00e9nerg\u00e9tique\",\"publisher\":{\"@id\":\"https:\/\/programme-slime.fr\/#organization\"},\"alternateName\":\"Slime\",\"potentialAction\":[{\"@type\":\"SearchAction\",\"target\":{\"@type\":\"EntryPoint\",\"urlTemplate\":\"https:\/\/programme-slime.fr\/?s={search_term_string}\"},\"query-input\":{\"@type\":\"PropertyValueSpecification\",\"valueRequired\":true,\"valueName\":\"search_term_string\"}}],\"inLanguage\":\"fr-FR\"},{\"@type\":\"Organization\",\"@id\":\"https:\/\/programme-slime.fr\/#organization\",\"name\":\"Slime\",\"alternateName\":\"Slime\",\"url\":\"https:\/\/programme-slime.fr\/\",\"logo\":{\"@type\":\"ImageObject\",\"inLanguage\":\"fr-FR\",\"@id\":\"https:\/\/programme-slime.fr\/#\/schema\/logo\/image\/\",\"url\":\"https:\/\/programme-slime.fr\/wp-content\/uploads\/2025\/10\/logo-slime.png\",\"contentUrl\":\"https:\/\/programme-slime.fr\/wp-content\/uploads\/2025\/10\/logo-slime.png\",\"width\":477,\"height\":153,\"caption\":\"Slime\"},\"image\":{\"@id\":\"https:\/\/programme-slime.fr\/#\/schema\/logo\/image\/\"}},{\"@type\":\"Person\",\"@id\":\"https:\/\/programme-slime.fr\/#\/schema\/person\/af01f7bfbdab88fc11a8b79797e47e1e\",\"name\":\"eleonore\",\"url\":\"https:\/\/programme-slime.fr\/actualites\/author\/eleonore\/\"}]}<\/script>\n<!-- \/ Yoast SEO plugin. -->","yoast_head_json":{"title":"Le Parc naturel r\u00e9gional (PNR) des Grands Causses s\u2019engage dans le programme Slime - Programme Slime","robots":{"index":"index","follow":"follow","max-snippet":"max-snippet:-1","max-image-preview":"max-image-preview:large","max-video-preview":"max-video-preview:-1"},"canonical":"https:\/\/programme-slime.fr\/actualites\/le-parc-national-regional-pnr-des-grands-causses-sengage-dans-le-slime\/","og_locale":"fr_FR","og_type":"article","og_title":"Le Parc naturel r\u00e9gional (PNR) des Grands Causses s\u2019engage dans le programme Slime - Programme Slime","og_url":"https:\/\/programme-slime.fr\/actualites\/le-parc-national-regional-pnr-des-grands-causses-sengage-dans-le-slime\/","og_site_name":"Programme Slime","article_published_time":"2025-11-14T08:42:07+00:00","article_modified_time":"2025-12-09T15:15:22+00:00","author":"eleonore","twitter_card":"summary_large_image","twitter_misc":{"\u00c9crit par":"eleonore","Dur\u00e9e de lecture estim\u00e9e":"4 minutes"},"schema":{"@context":"https:\/\/schema.org","@graph":[{"@type":"Article","@id":"https:\/\/programme-slime.fr\/actualites\/le-parc-national-regional-pnr-des-grands-causses-sengage-dans-le-slime\/#article","isPartOf":{"@id":"https:\/\/programme-slime.fr\/actualites\/le-parc-national-regional-pnr-des-grands-causses-sengage-dans-le-slime\/"},"author":{"name":"eleonore","@id":"https:\/\/programme-slime.fr\/#\/schema\/person\/af01f7bfbdab88fc11a8b79797e47e1e"},"headline":"Le Parc naturel r\u00e9gional (PNR) des Grands Causses s\u2019engage dans le programme Slime","datePublished":"2025-11-14T08:42:07+00:00","dateModified":"2025-12-09T15:15:22+00:00","mainEntityOfPage":{"@id":"https:\/\/programme-slime.fr\/actualites\/le-parc-national-regional-pnr-des-grands-causses-sengage-dans-le-slime\/"},"wordCount":15,"publisher":{"@id":"https:\/\/programme-slime.fr\/#organization"},"articleSection":["Actualit\u00e9s du programme"],"inLanguage":"fr-FR"},{"@type":"WebPage","@id":"https:\/\/programme-slime.fr\/actualites\/le-parc-national-regional-pnr-des-grands-causses-sengage-dans-le-slime\/","url":"https:\/\/programme-slime.fr\/actualites\/le-parc-national-regional-pnr-des-grands-causses-sengage-dans-le-slime\/","name":"Le Parc naturel r\u00e9gional (PNR) des Grands Causses s\u2019engage dans le programme Slime - Programme Slime","isPartOf":{"@id":"https:\/\/programme-slime.fr\/#website"},"datePublished":"2025-11-14T08:42:07+00:00","dateModified":"2025-12-09T15:15:22+00:00","breadcrumb":{"@id":"https:\/\/programme-slime.fr\/actualites\/le-parc-national-regional-pnr-des-grands-causses-sengage-dans-le-slime\/#breadcrumb"},"inLanguage":"fr-FR","potentialAction":[{"@type":"ReadAction","target":["https:\/\/programme-slime.fr\/actualites\/le-parc-national-regional-pnr-des-grands-causses-sengage-dans-le-slime\/"]}]},{"@type":"BreadcrumbList","@id":"https:\/\/programme-slime.fr\/actualites\/le-parc-national-regional-pnr-des-grands-causses-sengage-dans-le-slime\/#breadcrumb","itemListElement":[{"@type":"ListItem","position":1,"name":"Accueil","item":"https:\/\/programme-slime.fr\/"},{"@type":"ListItem","position":2,"name":"Le Parc naturel r\u00e9gional (PNR) des Grands Causses s\u2019engage dans le programme Slime"}]},{"@type":"WebSite","@id":"https:\/\/programme-slime.fr\/#website","url":"https:\/\/programme-slime.fr\/","name":"Programme Slime","description":"Une solution pour agir contre la pr\u00e9carit\u00e9 \u00e9nerg\u00e9tique","publisher":{"@id":"https:\/\/programme-slime.fr\/#organization"},"alternateName":"Slime","potentialAction":[{"@type":"SearchAction","target":{"@type":"EntryPoint","urlTemplate":"https:\/\/programme-slime.fr\/?s={search_term_string}"},"query-input":{"@type":"PropertyValueSpecification","valueRequired":true,"valueName":"search_term_string"}}],"inLanguage":"fr-FR"},{"@type":"Organization","@id":"https:\/\/programme-slime.fr\/#organization","name":"Slime","alternateName":"Slime","url":"https:\/\/programme-slime.fr\/","logo":{"@type":"ImageObject","inLanguage":"fr-FR","@id":"https:\/\/programme-slime.fr\/#\/schema\/logo\/image\/","url":"https:\/\/programme-slime.fr\/wp-content\/uploads\/2025\/10\/logo-slime.png","contentUrl":"https:\/\/programme-slime.fr\/wp-content\/uploads\/2025\/10\/logo-slime.png","width":477,"height":153,"caption":"Slime"},"image":{"@id":"https:\/\/programme-slime.fr\/#\/schema\/logo\/image\/"}},{"@type":"Person","@id":"https:\/\/programme-slime.fr\/#\/schema\/person\/af01f7bfbdab88fc11a8b79797e47e1e","name":"eleonore","url":"https:\/\/programme-slime.fr\/actualites\/author\/eleonore\/"}]}},"_links":{"self":[{"href":"https:\/\/programme-slime.fr\/api\/wp\/v2\/posts\/2880","targetHints":{"allow":["GET"]}}],"collection":[{"href":"https:\/\/programme-slime.fr\/api\/wp\/v2\/posts"}],"about":[{"href":"https:\/\/programme-slime.fr\/api\/wp\/v2\/types\/post"}],"author":[{"embeddable":true,"href":"https:\/\/programme-slime.fr\/api\/wp\/v2\/users\/2"}],"replies":[{"embeddable":true,"href":"https:\/\/programme-slime.fr\/api\/wp\/v2\/comments?post=2880"}],"version-history":[{"count":11,"href":"https:\/\/programme-slime.fr\/api\/wp\/v2\/posts\/2880\/revisions"}],"predecessor-version":[{"id":3018,"href":"https:\/\/programme-slime.fr\/api\/wp\/v2\/posts\/2880\/revisions\/3018"}],"wp:attachment":[{"href":"https:\/\/programme-slime.fr\/api\/wp\/v2\/media?parent=2880"}],"wp:term":[{"taxonomy":"category","embeddable":true,"href":"https:\/\/programme-slime.fr\/api\/wp\/v2\/categories?post=2880"},{"taxonomy":"post_tag","embeddable":true,"href":"https:\/\/programme-slime.fr\/api\/wp\/v2\/tags?post=2880"}],"curies":[{"name":"wp","href":"https:\/\/api.w.org\/{rel}","templated":true}]}}