{"id":2253,"date":"2025-09-10T16:05:03","date_gmt":"2025-09-10T14:05:03","guid":{"rendered":"https:\/\/www.lesslime.fr\/actualites\/?p=2253"},"modified":"2026-03-12T10:48:45","modified_gmt":"2026-03-12T09:48:45","slug":"la-journee-slime-programme-et-inscriptions","status":"publish","type":"post","link":"https:\/\/programme-slime.fr\/actualites\/la-journee-slime-programme-et-inscriptions\/","title":{"rendered":"La journ\u00e9e Slime : programme et inscriptions !"},"content":{"rendered":"<div class=\"wysiwyg-content\">\n<p>Quand ? Le 7 novembre.<\/p>\n<p>O\u00f9 ? <a href=\"https:\/\/www.hifrance.org\/auberges-de-jeunesse\/paris-yves-robert\/\">Auberge de jeunesse Paris Yves Robert<\/a>, Paris 18\u00e8me.<\/p>\n<p><strong>Les inscriptions sont ouvertes jusqu\u2019au 22 octobre et c\u2019est <a href=\"https:\/\/forms.cloud.microsoft\/Pages\/ResponsePage.aspx?id=ZzB7qMMitEKXeqlukJ73nkQgJai6aoZFmyEsyKUG89NUQ1ZZME5CUDFGTzdQQ0pDTlJPRTVPSkVIRiQlQCN0PWcu\">&gt;&gt; ICI&lt;&lt;<\/a> !<\/strong><\/p>\n<h4>Au programme<\/h4>\n<p><strong>Vendredi 7 novembre : <\/strong><b>Journ\u00e9e Slime<br \/>\n<\/b><em>Pas de frais d\u2019inscription<\/em><b><br \/>\n<\/b><\/p>\n<ul>\n<li>Accueil caf\u00e9 \u00e0 partir de 9h<\/li>\n<li>Matin\u00e9e en forum ouvert<\/li>\n<\/ul>\n<p>Cette ann\u00e9e encore, nous vous proposerons une matin\u00e9e de <b>Forum Ouvert,<\/b> <b>format collaboratif de partage et de r\u00e9flexion<\/b> qui permet d\u2019investiguer une question large, en prenant en compte l\u2019avis de tous.<\/p>\n<p>Dans un Forum Ouvert, ce sont <b>les participants qui proposent les sujets<\/b> qu\u2019ils souhaitent aborder :\u00a0 t\u00e9moignages, retours d\u2019exp\u00e9rience, co-construction d\u2019actions ou encore d\u2019outils, prospection\u2026<\/p>\n<ul>\n<li>Apr\u00e8s-midi : pl\u00e9ni\u00e8re consacr\u00e9e \u00e0 l\u2019actualit\u00e9 du programme Slime et aux \u00e9changes avec l\u2019\u00e9quipe Slime.<\/li>\n<li>Pr\u00e9sentation des r\u00e9sultats de l&rsquo;\u00e9valuation nationale du programme.<\/li>\n<li>Table-ronde sur \u00ab\u00a0le droit \u00e0 l&rsquo;\u00e9nergie\u00a0\u00bb avec Marine Corn\u00e9lis, sp\u00e9cialiste des politiques \u00e9nerg\u00e9tiques et du droit des consommateurs en Europe.<\/li>\n<li>Cl\u00f4ture \u00e0 16h<\/li>\n<\/ul>\n<\/div>\n","protected":false},"excerpt":{"rendered":"<p>Quand ? Le 7 novembre. O\u00f9 ? Auberge de jeunesse Paris Yves Robert, Paris 18\u00e8me. Les inscriptions sont ouvertes jusqu\u2019au 22 octobre et c\u2019est &gt;&gt; ICI&lt;&lt; ! Au programme Vendredi 7 novembre : Journ\u00e9e Slime Pas de frais d\u2019inscription Accueil caf\u00e9 \u00e0 partir de 9h Matin\u00e9e en forum ouvert Cette ann\u00e9e encore, nous vous proposerons [&hellip;]<\/p>\n","protected":false},"author":1,"featured_media":0,"comment_status":"closed","ping_status":"closed","sticky":false,"template":"","format":"standard","meta":{"_acf_changed":false,"footnotes":""},"categories":[4],"tags":[],"class_list":["post-2253","post","type-post","status-publish","format-standard","hentry","category-actualites"],"acf":[],"yoast_head":"<!-- This site is optimized with the Yoast SEO plugin v26.6 - https:\/\/yoast.com\/wordpress\/plugins\/seo\/ -->\n<title>La journ\u00e9e Slime : programme et inscriptions ! - Programme Slime<\/title>\n<meta name=\"robots\" content=\"index, follow, max-snippet:-1, max-image-preview:large, max-video-preview:-1\" \/>\n<link rel=\"canonical\" href=\"https:\/\/programme-slime.fr\/actualites\/la-journee-slime-programme-et-inscriptions\/\" \/>\n<meta property=\"og:locale\" content=\"fr_FR\" \/>\n<meta property=\"og:type\" content=\"article\" \/>\n<meta property=\"og:title\" content=\"La journ\u00e9e Slime : programme et inscriptions ! - Programme Slime\" \/>\n<meta property=\"og:description\" content=\"Quand ? Le 7 novembre. O\u00f9 ? Auberge de jeunesse Paris Yves Robert, Paris 18\u00e8me. Les inscriptions sont ouvertes jusqu\u2019au 22 octobre et c\u2019est &gt;&gt; ICI&lt;&lt; ! Au programme Vendredi 7 novembre : Journ\u00e9e Slime Pas de frais d\u2019inscription Accueil caf\u00e9 \u00e0 partir de 9h Matin\u00e9e en forum ouvert Cette ann\u00e9e encore, nous vous proposerons [&hellip;]\" \/>\n<meta property=\"og:url\" content=\"https:\/\/programme-slime.fr\/actualites\/la-journee-slime-programme-et-inscriptions\/\" \/>\n<meta property=\"og:site_name\" content=\"Programme Slime\" \/>\n<meta property=\"article:published_time\" content=\"2025-09-10T14:05:03+00:00\" \/>\n<meta property=\"article:modified_time\" content=\"2026-03-12T09:48:45+00:00\" \/>\n<meta name=\"author\" content=\"wami\" \/>\n<meta name=\"twitter:card\" content=\"summary_large_image\" \/>\n<meta name=\"twitter:label1\" content=\"\u00c9crit par\" \/>\n\t<meta name=\"twitter:data1\" content=\"wami\" \/>\n\t<meta name=\"twitter:label2\" content=\"Dur\u00e9e de lecture estim\u00e9e\" \/>\n\t<meta name=\"twitter:data2\" content=\"2 minutes\" \/>\n<script type=\"application\/ld+json\" class=\"yoast-schema-graph\">{\"@context\":\"https:\/\/schema.org\",\"@graph\":[{\"@type\":\"Article\",\"@id\":\"https:\/\/programme-slime.fr\/actualites\/la-journee-slime-programme-et-inscriptions\/#article\",\"isPartOf\":{\"@id\":\"https:\/\/programme-slime.fr\/actualites\/la-journee-slime-programme-et-inscriptions\/\"},\"author\":{\"name\":\"wami\",\"@id\":\"https:\/\/programme-slime.fr\/#\/schema\/person\/156dd711f8e9a33b05b00222aff74e8a\"},\"headline\":\"La journ\u00e9e Slime : programme et inscriptions !\",\"datePublished\":\"2025-09-10T14:05:03+00:00\",\"dateModified\":\"2026-03-12T09:48:45+00:00\",\"mainEntityOfPage\":{\"@id\":\"https:\/\/programme-slime.fr\/actualites\/la-journee-slime-programme-et-inscriptions\/\"},\"wordCount\":178,\"publisher\":{\"@id\":\"https:\/\/programme-slime.fr\/#organization\"},\"articleSection\":[\"Actualit\u00e9s du programme\"],\"inLanguage\":\"fr-FR\"},{\"@type\":\"WebPage\",\"@id\":\"https:\/\/programme-slime.fr\/actualites\/la-journee-slime-programme-et-inscriptions\/\",\"url\":\"https:\/\/programme-slime.fr\/actualites\/la-journee-slime-programme-et-inscriptions\/\",\"name\":\"La journ\u00e9e Slime : programme et inscriptions ! - Programme Slime\",\"isPartOf\":{\"@id\":\"https:\/\/programme-slime.fr\/#website\"},\"datePublished\":\"2025-09-10T14:05:03+00:00\",\"dateModified\":\"2026-03-12T09:48:45+00:00\",\"breadcrumb\":{\"@id\":\"https:\/\/programme-slime.fr\/actualites\/la-journee-slime-programme-et-inscriptions\/#breadcrumb\"},\"inLanguage\":\"fr-FR\",\"potentialAction\":[{\"@type\":\"ReadAction\",\"target\":[\"https:\/\/programme-slime.fr\/actualites\/la-journee-slime-programme-et-inscriptions\/\"]}]},{\"@type\":\"BreadcrumbList\",\"@id\":\"https:\/\/programme-slime.fr\/actualites\/la-journee-slime-programme-et-inscriptions\/#breadcrumb\",\"itemListElement\":[{\"@type\":\"ListItem\",\"position\":1,\"name\":\"Accueil\",\"item\":\"https:\/\/programme-slime.fr\/\"},{\"@type\":\"ListItem\",\"position\":2,\"name\":\"La journ\u00e9e Slime : programme et inscriptions !\"}]},{\"@type\":\"WebSite\",\"@id\":\"https:\/\/programme-slime.fr\/#website\",\"url\":\"https:\/\/programme-slime.fr\/\",\"name\":\"Programme Slime\",\"description\":\"Une solution pour agir contre la pr\u00e9carit\u00e9 \u00e9nerg\u00e9tique\",\"publisher\":{\"@id\":\"https:\/\/programme-slime.fr\/#organization\"},\"alternateName\":\"Slime\",\"potentialAction\":[{\"@type\":\"SearchAction\",\"target\":{\"@type\":\"EntryPoint\",\"urlTemplate\":\"https:\/\/programme-slime.fr\/?s={search_term_string}\"},\"query-input\":{\"@type\":\"PropertyValueSpecification\",\"valueRequired\":true,\"valueName\":\"search_term_string\"}}],\"inLanguage\":\"fr-FR\"},{\"@type\":\"Organization\",\"@id\":\"https:\/\/programme-slime.fr\/#organization\",\"name\":\"Slime\",\"alternateName\":\"Slime\",\"url\":\"https:\/\/programme-slime.fr\/\",\"logo\":{\"@type\":\"ImageObject\",\"inLanguage\":\"fr-FR\",\"@id\":\"https:\/\/programme-slime.fr\/#\/schema\/logo\/image\/\",\"url\":\"https:\/\/programme-slime.fr\/wp-content\/uploads\/2025\/10\/logo-slime.png\",\"contentUrl\":\"https:\/\/programme-slime.fr\/wp-content\/uploads\/2025\/10\/logo-slime.png\",\"width\":477,\"height\":153,\"caption\":\"Slime\"},\"image\":{\"@id\":\"https:\/\/programme-slime.fr\/#\/schema\/logo\/image\/\"}},{\"@type\":\"Person\",\"@id\":\"https:\/\/programme-slime.fr\/#\/schema\/person\/156dd711f8e9a33b05b00222aff74e8a\",\"name\":\"wami\",\"sameAs\":[\"https:\/\/programme-slime.fr\"],\"url\":\"https:\/\/programme-slime.fr\/actualites\/author\/wami\/\"}]}<\/script>\n<!-- \/ Yoast SEO plugin. -->","yoast_head_json":{"title":"La journ\u00e9e Slime : programme et inscriptions ! - Programme Slime","robots":{"index":"index","follow":"follow","max-snippet":"max-snippet:-1","max-image-preview":"max-image-preview:large","max-video-preview":"max-video-preview:-1"},"canonical":"https:\/\/programme-slime.fr\/actualites\/la-journee-slime-programme-et-inscriptions\/","og_locale":"fr_FR","og_type":"article","og_title":"La journ\u00e9e Slime : programme et inscriptions ! - Programme Slime","og_description":"Quand ? Le 7 novembre. O\u00f9 ? Auberge de jeunesse Paris Yves Robert, Paris 18\u00e8me. Les inscriptions sont ouvertes jusqu\u2019au 22 octobre et c\u2019est &gt;&gt; ICI&lt;&lt; ! Au programme Vendredi 7 novembre : Journ\u00e9e Slime Pas de frais d\u2019inscription Accueil caf\u00e9 \u00e0 partir de 9h Matin\u00e9e en forum ouvert Cette ann\u00e9e encore, nous vous proposerons [&hellip;]","og_url":"https:\/\/programme-slime.fr\/actualites\/la-journee-slime-programme-et-inscriptions\/","og_site_name":"Programme Slime","article_published_time":"2025-09-10T14:05:03+00:00","article_modified_time":"2026-03-12T09:48:45+00:00","author":"wami","twitter_card":"summary_large_image","twitter_misc":{"\u00c9crit par":"wami","Dur\u00e9e de lecture estim\u00e9e":"2 minutes"},"schema":{"@context":"https:\/\/schema.org","@graph":[{"@type":"Article","@id":"https:\/\/programme-slime.fr\/actualites\/la-journee-slime-programme-et-inscriptions\/#article","isPartOf":{"@id":"https:\/\/programme-slime.fr\/actualites\/la-journee-slime-programme-et-inscriptions\/"},"author":{"name":"wami","@id":"https:\/\/programme-slime.fr\/#\/schema\/person\/156dd711f8e9a33b05b00222aff74e8a"},"headline":"La journ\u00e9e Slime : programme et inscriptions !","datePublished":"2025-09-10T14:05:03+00:00","dateModified":"2026-03-12T09:48:45+00:00","mainEntityOfPage":{"@id":"https:\/\/programme-slime.fr\/actualites\/la-journee-slime-programme-et-inscriptions\/"},"wordCount":178,"publisher":{"@id":"https:\/\/programme-slime.fr\/#organization"},"articleSection":["Actualit\u00e9s du programme"],"inLanguage":"fr-FR"},{"@type":"WebPage","@id":"https:\/\/programme-slime.fr\/actualites\/la-journee-slime-programme-et-inscriptions\/","url":"https:\/\/programme-slime.fr\/actualites\/la-journee-slime-programme-et-inscriptions\/","name":"La journ\u00e9e Slime : programme et inscriptions ! - Programme Slime","isPartOf":{"@id":"https:\/\/programme-slime.fr\/#website"},"datePublished":"2025-09-10T14:05:03+00:00","dateModified":"2026-03-12T09:48:45+00:00","breadcrumb":{"@id":"https:\/\/programme-slime.fr\/actualites\/la-journee-slime-programme-et-inscriptions\/#breadcrumb"},"inLanguage":"fr-FR","potentialAction":[{"@type":"ReadAction","target":["https:\/\/programme-slime.fr\/actualites\/la-journee-slime-programme-et-inscriptions\/"]}]},{"@type":"BreadcrumbList","@id":"https:\/\/programme-slime.fr\/actualites\/la-journee-slime-programme-et-inscriptions\/#breadcrumb","itemListElement":[{"@type":"ListItem","position":1,"name":"Accueil","item":"https:\/\/programme-slime.fr\/"},{"@type":"ListItem","position":2,"name":"La journ\u00e9e Slime : programme et inscriptions !"}]},{"@type":"WebSite","@id":"https:\/\/programme-slime.fr\/#website","url":"https:\/\/programme-slime.fr\/","name":"Programme Slime","description":"Une solution pour agir contre la pr\u00e9carit\u00e9 \u00e9nerg\u00e9tique","publisher":{"@id":"https:\/\/programme-slime.fr\/#organization"},"alternateName":"Slime","potentialAction":[{"@type":"SearchAction","target":{"@type":"EntryPoint","urlTemplate":"https:\/\/programme-slime.fr\/?s={search_term_string}"},"query-input":{"@type":"PropertyValueSpecification","valueRequired":true,"valueName":"search_term_string"}}],"inLanguage":"fr-FR"},{"@type":"Organization","@id":"https:\/\/programme-slime.fr\/#organization","name":"Slime","alternateName":"Slime","url":"https:\/\/programme-slime.fr\/","logo":{"@type":"ImageObject","inLanguage":"fr-FR","@id":"https:\/\/programme-slime.fr\/#\/schema\/logo\/image\/","url":"https:\/\/programme-slime.fr\/wp-content\/uploads\/2025\/10\/logo-slime.png","contentUrl":"https:\/\/programme-slime.fr\/wp-content\/uploads\/2025\/10\/logo-slime.png","width":477,"height":153,"caption":"Slime"},"image":{"@id":"https:\/\/programme-slime.fr\/#\/schema\/logo\/image\/"}},{"@type":"Person","@id":"https:\/\/programme-slime.fr\/#\/schema\/person\/156dd711f8e9a33b05b00222aff74e8a","name":"wami","sameAs":["https:\/\/programme-slime.fr"],"url":"https:\/\/programme-slime.fr\/actualites\/author\/wami\/"}]}},"_links":{"self":[{"href":"https:\/\/programme-slime.fr\/api\/wp\/v2\/posts\/2253","targetHints":{"allow":["GET"]}}],"collection":[{"href":"https:\/\/programme-slime.fr\/api\/wp\/v2\/posts"}],"about":[{"href":"https:\/\/programme-slime.fr\/api\/wp\/v2\/types\/post"}],"author":[{"embeddable":true,"href":"https:\/\/programme-slime.fr\/api\/wp\/v2\/users\/1"}],"replies":[{"embeddable":true,"href":"https:\/\/programme-slime.fr\/api\/wp\/v2\/comments?post=2253"}],"version-history":[{"count":5,"href":"https:\/\/programme-slime.fr\/api\/wp\/v2\/posts\/2253\/revisions"}],"predecessor-version":[{"id":3101,"href":"https:\/\/programme-slime.fr\/api\/wp\/v2\/posts\/2253\/revisions\/3101"}],"wp:attachment":[{"href":"https:\/\/programme-slime.fr\/api\/wp\/v2\/media?parent=2253"}],"wp:term":[{"taxonomy":"category","embeddable":true,"href":"https:\/\/programme-slime.fr\/api\/wp\/v2\/categories?post=2253"},{"taxonomy":"post_tag","embeddable":true,"href":"https:\/\/programme-slime.fr\/api\/wp\/v2\/tags?post=2253"}],"curies":[{"name":"wp","href":"https:\/\/api.w.org\/{rel}","templated":true}]}}