{"id":1871,"date":"2024-06-04T12:59:24","date_gmt":"2024-06-04T10:59:24","guid":{"rendered":"https:\/\/www.lesslime.fr\/actualites\/?p=1871"},"modified":"2025-10-31T15:57:13","modified_gmt":"2025-10-31T14:57:13","slug":"slime-l-appui-europeen-pour-lutter-contre-la-precarite-energetique","status":"publish","type":"post","link":"https:\/\/programme-slime.fr\/actualites\/slime-l-appui-europeen-pour-lutter-contre-la-precarite-energetique\/","title":{"rendered":"L&rsquo;appui europ\u00e9en pour lutter contre la pr\u00e9carit\u00e9 \u00e9nerg\u00e9tique"},"content":{"rendered":"<h3><strong>Aux origines du Slime, un projet europ\u00e9en <\/strong><\/h3>\n<p>Le programme Slime puise ses sources dans la continuit\u00e9 du projet europ\u00e9en <a href=\"https:\/\/www.precarite-energie.org\/projet-achieve\/\">ACHIEVE<\/a>, qui vise \u00e0 identifier les m\u00e9nages les plus vuln\u00e9rables et \u00e0 r\u00e9aliser chez eux un diagnostic sociotechnique lors d\u2019une visite \u00e0 domicile, afin de travailler avec eux sur la mise en place de mesures appropri\u00e9es pour r\u00e9duire leur consommation d\u2019\u00e9nergie et d\u2019eau et, bien s\u00fbr, leurs factures.<\/p>\n<p><strong>D\u00e9couvrez l&rsquo;histoire du programme Slime et ses pr\u00e9mices europ\u00e9ennes avec<a href=\"https:\/\/cler.org\/europe-projets-energie\/\"> l&rsquo;entretien de Marie Moisan<\/a>, coordinatrice du programme Slime. \u00a0 <\/strong><\/p>\n<h3><strong>T\u00e9moignage de deux structures b\u00e9n\u00e9ficiaires de financements europ\u00e9ens <\/strong><\/h3>\n<p>En Europe, 42 millions de citoyens n\u2019\u00e9taient pas en capacit\u00e9 de chauffer leur logement de fa\u00e7on convenable en 2022. Pour r\u00e9duire et att\u00e9nuer la pr\u00e9carit\u00e9 \u00e9nerg\u00e9tique, l\u2019Union europ\u00e9enne apporte son soutien financier \u00e0 travers diff\u00e9rents appels \u00e0 projets.<\/p>\n<h4>Accompagner le d\u00e9ploiement du Slime localement<\/h4>\n<p><strong>Gladys GRELAUD, c<\/strong><strong>harg\u00e9e de mission Mal logement \u00e0 la direction de l\u2019Habitat de Brest M\u00e9tropole<\/strong><\/p>\n<p>\u00ab\u00a0En 2014, nous r\u00e9pondons \u00e0 l\u2019appel \u00e0 projet Slime pour travailler sur la question de la pr\u00e9carit\u00e9 \u00e9nerg\u00e9tique. Deux ans plus tard, nous d\u00e9veloppons notre politique en r\u00e9pondant avec un consortium \u00e0 l\u2019appel \u00e0 projet lanc\u00e9 par Interreg North-West Europe. Ce soutien financier nous a permis d\u2019avoir un peu plus d\u2019argent pour financer nos visites Slime mais aussi pour organiser des \u00e9v\u00e9nements de sensibilisation. Nous faisions des animations dans tous les quartiers populaires pour informer sur les aides financi\u00e8res, l\u2019acc\u00e8s aux droits et les \u00e9cogestes. Objectif ? Montrer \u00e0 chaque citoyen qu\u2019il pouvait r\u00e9duire son empreinte \u00e9nerg\u00e9tique. Nous avons travaill\u00e9 avec deux associations de terrain : <a href=\"https:\/\/www.energence.bzh\/\">Ener&rsquo;gence<\/a> et les <a href=\"https:\/\/www.compagnonsbatisseurs.eu\/antenne-bretagne\">Compagnons B\u00e2tisseurs<\/a>. Sans le coup de pouce financier de l\u2019Europe, nous n\u2019aurions pas pu financer le <a href=\"https:\/\/www.compagnonsbatisseurs.eu\/bricobus\">Bricobus<\/a> des Compagnons B\u00e2tisseurs qui sillonne le territoire. Ses interventions d\u2019urgence pour aller remplacer une fen\u00eatre cass\u00e9e, r\u00e9parer des toilettes ou installer des rideaux thermiques ont eu un r\u00e9el impact. Il s\u2019agissait de remettre de l\u2019action publique sur le terrain en hyperproximit\u00e9. En r\u00e9pondant \u00e0 un nouvel appel \u00e0 projet, nous avons pu prolonger le projet Interreg pendant plus de six ans. Le b\u00e9mol, c\u2019est que quand cela s\u2019arr\u00eate, il faut trouver de nouveaux financements.\u00a0Tout l\u2019enjeu, c\u2019est de pouvoir allier la consid\u00e9ration de l\u2019\u00e9nergie, la personne et le b\u00e2timent. Si on ne les lie, cela ne fonctionne pas.\u00a0\u00bb<\/p>\n<p>D\u00e9couvrez \u00e9galement <a href=\"https:\/\/www.youtube.com\/watch?v=bVoqUPvVWlo&amp;t=94s\">la vid\u00e9o de sensibilisation sur la pr\u00e9carit\u00e9 \u00e9nerg\u00e9tique<\/a> r\u00e9alis\u00e9e dans le cadre du projet Interreg en 2022.<\/p>\n<p><img loading=\"lazy\" decoding=\"async\" class=\"alignnone size-medium wp-image-1877\" src=\"https:\/\/programme-slime.fr\/wp-content\/uploads\/ajouter-un-sous-titre4-300x144.png\" alt=\"\" width=\"300\" height=\"144\" \/><\/p>\n<h4>Partager des pratiques entre pays europ\u00e9ens<\/h4>\n<p><strong>Matthias SANCHEZ , C<\/strong><strong>hef de projet pr\u00e9carit\u00e9 \u00e9nerg\u00e9tique \u00e0 l\u2019Agence parisienne du climat <\/strong><\/p>\n<p>\u00ab\u00a0Lanc\u00e9 en avril 2023, le projet <a href=\"https:\/\/scepa.nweurope.eu\/\">Scaling up the energy poverty approach<\/a> (SCEPA) &#8211; amplification de l\u2019approche de lutte contre la pr\u00e9carit\u00e9 \u00e9nerg\u00e9tique &#8211; est pilot\u00e9 par l\u2019Universit\u00e9 de Haarlem, aux Pays-Bas. Il s\u2019inscrit dans le cadre du programme europ\u00e9en de coop\u00e9ration <a href=\"https:\/\/www.nweurope.eu\/\">Interreg North-West Europe<\/a>, et vise \u00e0 mettre en commun diff\u00e9rentes pratiques autour de la pr\u00e9carit\u00e9 \u00e9nerg\u00e9tique. Le projet de l<a href=\"https:\/\/www.apc-paris.com\/\">\u2019Agence Parisienne du Climat<\/a> repose principalement sur <a href=\"https:\/\/www.apc-paris.com\/3-objectifs-phares-pour-le-programme-parisien-de-lutte-contre-la-precarite-energetique\/\">le Slime<\/a>. \u00c0 terme, il s\u2019agit de cr\u00e9er un plan d\u2019action \u00e0 destination d\u2019autres communaut\u00e9s et associations. \u00c0 ce stade, il s\u2019agit surtout d\u2019un reporting de nos activit\u00e9s. Nous expliquons le dispositif, sa mise en place avec la Ville de Paris et pr\u00e9sentons des donn\u00e9es chiffr\u00e9es. Lors des s\u00e9ances de travail, nous pr\u00e9sentons aussi nos actions de communication et de formation au profit de nos 836 donneurs d\u2019alerte. Une fois le m\u00e9nage identifi\u00e9, sa situation est v\u00e9rifi\u00e9e pour d\u00e9clencher un Slime et une visite \u00e0 domicile. Les Compagnons b\u00e2tisseurs peuvent intervenir pour des travaux et r\u00e9parations dans le logement. Le soutien europ\u00e9en permet d\u2019aider plus d\u2019intercommunalit\u00e9s et associations \u00e0 prendre part \u00e0 la lutte contre la pr\u00e9carit\u00e9 \u00e9nerg\u00e9tique. D\u00e9couvrir les actions mises en place par d\u2019autres structures est une source d\u2019inspiration. Pour lutter efficacement contre la pr\u00e9carit\u00e9 \u00e9nerg\u00e9tique, il faut continuer \u00e0 mettre en commun les pratiques et augmenter le budget qui lui est consacr\u00e9.\u00a0\u00bb<\/p>\n<p><img loading=\"lazy\" decoding=\"async\" class=\"alignnone size-medium wp-image-1878\" src=\"https:\/\/programme-slime.fr\/wp-content\/uploads\/ajouter-un-sous-titre5-300x141.png\" alt=\"\" width=\"300\" height=\"141\" \/><\/p>\n<h3>D&rsquo;autres coop\u00e9rations \u00e0 l&rsquo;\u00e9chelle mondiale<\/h3>\n<h4>Participer \u00e0 la r\u00e9flexion globale autour de la lutte contre la pr\u00e9carit\u00e9 \u00e9nerg\u00e9tique avec un r\u00e9seau de villes mondiales<\/h4>\n<p><strong>Karine MARIN-ROGUET, R<\/strong><strong>esponsable du D\u00e9partement solidarit\u00e9 et proximit\u00e9 \u00e9nerg\u00e9tique \u00e0 la Ville de Paris <\/strong><\/p>\n<p>\u00ab\u00a0<a href=\"https:\/\/www.c40.org\/fr\/\">Le C40 Cities<\/a> est un r\u00e9seau de maires du monde entier qui ont d\u00e9cid\u00e9 de s\u2019engager ensemble au niveau local dans des programmes de transition \u00e9cologique locale et urbaine. Le Global green new deal met l\u2019accent sur la mise en place d\u2019une transition solidaire et inclusive. En 2021, la Ville de Paris a vot\u00e9 son premier plan de lutte contre la pr\u00e9carit\u00e9 \u00e9nerg\u00e9tique. 17 actions ont \u00e9t\u00e9 pr\u00e9sent\u00e9es, parmi lesquelles la cr\u00e9ation d\u2019un Slime, d\u2019un observatoire de la pr\u00e9carit\u00e9 \u00e9nerg\u00e9tique, et d\u2019une aide financi\u00e8re de type Fonds social d\u2019aide aux travaux de ma\u00eetrise de l\u2019\u00e9nergie. En 2022, nous avons pr\u00e9sent\u00e9 ce dispositif au C40. Paris est devenue ville pilote pour son plan global de lutte contre la pr\u00e9carit\u00e9 \u00e9nerg\u00e9tique. En 2023, nous avons mis en avant notre projet d\u2019observatoire. Dans ce cadre, le soutien technique du C40 nous a permis de r\u00e9aliser une \u00e9tude comparative sur l\u2019observation de la pr\u00e9carit\u00e9 \u00e9nerg\u00e9tique en Europe. C\u2019est un ph\u00e9nom\u00e8ne prot\u00e9iforme qui n\u2019est pas facilement mesurable. Le C40 nous aide dans cette r\u00e9flexion et dans la mise en \u0153uvre de l\u2019observatoire. Le partage de nos avanc\u00e9es avec d\u2019autres collectivit\u00e9s permet d\u2019avoir un effet d\u2019entra\u00eenement. Harmoniser est indispensable pour faire avancer les choses. Sans le soutien du C40, nous n\u2019aurions pas cette vision qui nous permet de r\u00e9aliser au mieux notre mission. \u00bb<\/p>\n","protected":false},"excerpt":{"rendered":"<p>Aux origines du Slime, un projet europ\u00e9en Le programme Slime puise ses sources dans la continuit\u00e9 du projet europ\u00e9en ACHIEVE, qui vise \u00e0 identifier les m\u00e9nages les plus vuln\u00e9rables et \u00e0 r\u00e9aliser chez eux un diagnostic sociotechnique lors d\u2019une visite \u00e0 domicile, afin de travailler avec eux sur la mise en place de mesures appropri\u00e9es [&hellip;]<\/p>\n","protected":false},"author":1,"featured_media":0,"comment_status":"closed","ping_status":"closed","sticky":false,"template":"","format":"standard","meta":{"_acf_changed":false,"footnotes":""},"categories":[3],"tags":[],"class_list":["post-1871","post","type-post","status-publish","format-standard","hentry","category-temoignages"],"acf":[],"yoast_head":"<!-- This site is optimized with the Yoast SEO plugin v26.6 - https:\/\/yoast.com\/wordpress\/plugins\/seo\/ -->\n<title>L&#039;appui europ\u00e9en pour lutter contre la pr\u00e9carit\u00e9 \u00e9nerg\u00e9tique - Programme Slime<\/title>\n<meta name=\"robots\" content=\"index, follow, max-snippet:-1, max-image-preview:large, max-video-preview:-1\" \/>\n<link rel=\"canonical\" href=\"https:\/\/programme-slime.fr\/actualites\/slime-l-appui-europeen-pour-lutter-contre-la-precarite-energetique\/\" \/>\n<meta property=\"og:locale\" content=\"fr_FR\" \/>\n<meta property=\"og:type\" content=\"article\" \/>\n<meta property=\"og:title\" content=\"L&#039;appui europ\u00e9en pour lutter contre la pr\u00e9carit\u00e9 \u00e9nerg\u00e9tique - Programme Slime\" \/>\n<meta property=\"og:description\" content=\"Aux origines du Slime, un projet europ\u00e9en Le programme Slime puise ses sources dans la continuit\u00e9 du projet europ\u00e9en ACHIEVE, qui vise \u00e0 identifier les m\u00e9nages les plus vuln\u00e9rables et \u00e0 r\u00e9aliser chez eux un diagnostic sociotechnique lors d\u2019une visite \u00e0 domicile, afin de travailler avec eux sur la mise en place de mesures appropri\u00e9es [&hellip;]\" \/>\n<meta property=\"og:url\" content=\"https:\/\/programme-slime.fr\/actualites\/slime-l-appui-europeen-pour-lutter-contre-la-precarite-energetique\/\" \/>\n<meta property=\"og:site_name\" content=\"Programme Slime\" \/>\n<meta property=\"article:published_time\" content=\"2024-06-04T10:59:24+00:00\" \/>\n<meta property=\"article:modified_time\" content=\"2025-10-31T14:57:13+00:00\" \/>\n<meta property=\"og:image\" content=\"https:\/\/programme-slime.fr\/wp-content\/uploads\/ajouter-un-sous-titre4-300x144.png\" \/>\n<meta name=\"author\" content=\"wami\" \/>\n<meta name=\"twitter:card\" content=\"summary_large_image\" \/>\n<meta name=\"twitter:label1\" content=\"\u00c9crit par\" \/>\n\t<meta name=\"twitter:data1\" content=\"wami\" \/>\n\t<meta name=\"twitter:label2\" content=\"Dur\u00e9e de lecture estim\u00e9e\" \/>\n\t<meta name=\"twitter:data2\" content=\"11 minutes\" \/>\n<script type=\"application\/ld+json\" class=\"yoast-schema-graph\">{\"@context\":\"https:\/\/schema.org\",\"@graph\":[{\"@type\":\"Article\",\"@id\":\"https:\/\/programme-slime.fr\/actualites\/slime-l-appui-europeen-pour-lutter-contre-la-precarite-energetique\/#article\",\"isPartOf\":{\"@id\":\"https:\/\/programme-slime.fr\/actualites\/slime-l-appui-europeen-pour-lutter-contre-la-precarite-energetique\/\"},\"author\":{\"name\":\"wami\",\"@id\":\"https:\/\/programme-slime.fr\/#\/schema\/person\/156dd711f8e9a33b05b00222aff74e8a\"},\"headline\":\"L&rsquo;appui europ\u00e9en pour lutter contre la pr\u00e9carit\u00e9 \u00e9nerg\u00e9tique\",\"datePublished\":\"2024-06-04T10:59:24+00:00\",\"dateModified\":\"2025-10-31T14:57:13+00:00\",\"mainEntityOfPage\":{\"@id\":\"https:\/\/programme-slime.fr\/actualites\/slime-l-appui-europeen-pour-lutter-contre-la-precarite-energetique\/\"},\"wordCount\":1043,\"publisher\":{\"@id\":\"https:\/\/programme-slime.fr\/#organization\"},\"image\":{\"@id\":\"https:\/\/programme-slime.fr\/actualites\/slime-l-appui-europeen-pour-lutter-contre-la-precarite-energetique\/#primaryimage\"},\"thumbnailUrl\":\"https:\/\/programme-slime.fr\/wp-content\/uploads\/ajouter-un-sous-titre4-300x144.png\",\"articleSection\":[\"T\u00e9moignages\"],\"inLanguage\":\"fr-FR\"},{\"@type\":\"WebPage\",\"@id\":\"https:\/\/programme-slime.fr\/actualites\/slime-l-appui-europeen-pour-lutter-contre-la-precarite-energetique\/\",\"url\":\"https:\/\/programme-slime.fr\/actualites\/slime-l-appui-europeen-pour-lutter-contre-la-precarite-energetique\/\",\"name\":\"L'appui europ\u00e9en pour lutter contre la pr\u00e9carit\u00e9 \u00e9nerg\u00e9tique - Programme Slime\",\"isPartOf\":{\"@id\":\"https:\/\/programme-slime.fr\/#website\"},\"primaryImageOfPage\":{\"@id\":\"https:\/\/programme-slime.fr\/actualites\/slime-l-appui-europeen-pour-lutter-contre-la-precarite-energetique\/#primaryimage\"},\"image\":{\"@id\":\"https:\/\/programme-slime.fr\/actualites\/slime-l-appui-europeen-pour-lutter-contre-la-precarite-energetique\/#primaryimage\"},\"thumbnailUrl\":\"https:\/\/programme-slime.fr\/wp-content\/uploads\/ajouter-un-sous-titre4-300x144.png\",\"datePublished\":\"2024-06-04T10:59:24+00:00\",\"dateModified\":\"2025-10-31T14:57:13+00:00\",\"breadcrumb\":{\"@id\":\"https:\/\/programme-slime.fr\/actualites\/slime-l-appui-europeen-pour-lutter-contre-la-precarite-energetique\/#breadcrumb\"},\"inLanguage\":\"fr-FR\",\"potentialAction\":[{\"@type\":\"ReadAction\",\"target\":[\"https:\/\/programme-slime.fr\/actualites\/slime-l-appui-europeen-pour-lutter-contre-la-precarite-energetique\/\"]}]},{\"@type\":\"ImageObject\",\"inLanguage\":\"fr-FR\",\"@id\":\"https:\/\/programme-slime.fr\/actualites\/slime-l-appui-europeen-pour-lutter-contre-la-precarite-energetique\/#primaryimage\",\"url\":\"\",\"contentUrl\":\"\"},{\"@type\":\"BreadcrumbList\",\"@id\":\"https:\/\/programme-slime.fr\/actualites\/slime-l-appui-europeen-pour-lutter-contre-la-precarite-energetique\/#breadcrumb\",\"itemListElement\":[{\"@type\":\"ListItem\",\"position\":1,\"name\":\"Accueil\",\"item\":\"https:\/\/programme-slime.fr\/\"},{\"@type\":\"ListItem\",\"position\":2,\"name\":\"L&rsquo;appui europ\u00e9en pour lutter contre la pr\u00e9carit\u00e9 \u00e9nerg\u00e9tique\"}]},{\"@type\":\"WebSite\",\"@id\":\"https:\/\/programme-slime.fr\/#website\",\"url\":\"https:\/\/programme-slime.fr\/\",\"name\":\"Programme Slime\",\"description\":\"Une solution pour agir contre la pr\u00e9carit\u00e9 \u00e9nerg\u00e9tique\",\"publisher\":{\"@id\":\"https:\/\/programme-slime.fr\/#organization\"},\"alternateName\":\"Slime\",\"potentialAction\":[{\"@type\":\"SearchAction\",\"target\":{\"@type\":\"EntryPoint\",\"urlTemplate\":\"https:\/\/programme-slime.fr\/?s={search_term_string}\"},\"query-input\":{\"@type\":\"PropertyValueSpecification\",\"valueRequired\":true,\"valueName\":\"search_term_string\"}}],\"inLanguage\":\"fr-FR\"},{\"@type\":\"Organization\",\"@id\":\"https:\/\/programme-slime.fr\/#organization\",\"name\":\"Slime\",\"alternateName\":\"Slime\",\"url\":\"https:\/\/programme-slime.fr\/\",\"logo\":{\"@type\":\"ImageObject\",\"inLanguage\":\"fr-FR\",\"@id\":\"https:\/\/programme-slime.fr\/#\/schema\/logo\/image\/\",\"url\":\"https:\/\/programme-slime.fr\/wp-content\/uploads\/2025\/10\/logo-slime.png\",\"contentUrl\":\"https:\/\/programme-slime.fr\/wp-content\/uploads\/2025\/10\/logo-slime.png\",\"width\":477,\"height\":153,\"caption\":\"Slime\"},\"image\":{\"@id\":\"https:\/\/programme-slime.fr\/#\/schema\/logo\/image\/\"}},{\"@type\":\"Person\",\"@id\":\"https:\/\/programme-slime.fr\/#\/schema\/person\/156dd711f8e9a33b05b00222aff74e8a\",\"name\":\"wami\",\"sameAs\":[\"https:\/\/programme-slime.fr\"],\"url\":\"https:\/\/programme-slime.fr\/actualites\/author\/wami\/\"}]}<\/script>\n<!-- \/ Yoast SEO plugin. -->","yoast_head_json":{"title":"L'appui europ\u00e9en pour lutter contre la pr\u00e9carit\u00e9 \u00e9nerg\u00e9tique - Programme Slime","robots":{"index":"index","follow":"follow","max-snippet":"max-snippet:-1","max-image-preview":"max-image-preview:large","max-video-preview":"max-video-preview:-1"},"canonical":"https:\/\/programme-slime.fr\/actualites\/slime-l-appui-europeen-pour-lutter-contre-la-precarite-energetique\/","og_locale":"fr_FR","og_type":"article","og_title":"L'appui europ\u00e9en pour lutter contre la pr\u00e9carit\u00e9 \u00e9nerg\u00e9tique - Programme Slime","og_description":"Aux origines du Slime, un projet europ\u00e9en Le programme Slime puise ses sources dans la continuit\u00e9 du projet europ\u00e9en ACHIEVE, qui vise \u00e0 identifier les m\u00e9nages les plus vuln\u00e9rables et \u00e0 r\u00e9aliser chez eux un diagnostic sociotechnique lors d\u2019une visite \u00e0 domicile, afin de travailler avec eux sur la mise en place de mesures appropri\u00e9es [&hellip;]","og_url":"https:\/\/programme-slime.fr\/actualites\/slime-l-appui-europeen-pour-lutter-contre-la-precarite-energetique\/","og_site_name":"Programme Slime","article_published_time":"2024-06-04T10:59:24+00:00","article_modified_time":"2025-10-31T14:57:13+00:00","og_image":[{"url":"https:\/\/programme-slime.fr\/wp-content\/uploads\/ajouter-un-sous-titre4-300x144.png","type":"","width":"","height":""}],"author":"wami","twitter_card":"summary_large_image","twitter_misc":{"\u00c9crit par":"wami","Dur\u00e9e de lecture estim\u00e9e":"11 minutes"},"schema":{"@context":"https:\/\/schema.org","@graph":[{"@type":"Article","@id":"https:\/\/programme-slime.fr\/actualites\/slime-l-appui-europeen-pour-lutter-contre-la-precarite-energetique\/#article","isPartOf":{"@id":"https:\/\/programme-slime.fr\/actualites\/slime-l-appui-europeen-pour-lutter-contre-la-precarite-energetique\/"},"author":{"name":"wami","@id":"https:\/\/programme-slime.fr\/#\/schema\/person\/156dd711f8e9a33b05b00222aff74e8a"},"headline":"L&rsquo;appui europ\u00e9en pour lutter contre la pr\u00e9carit\u00e9 \u00e9nerg\u00e9tique","datePublished":"2024-06-04T10:59:24+00:00","dateModified":"2025-10-31T14:57:13+00:00","mainEntityOfPage":{"@id":"https:\/\/programme-slime.fr\/actualites\/slime-l-appui-europeen-pour-lutter-contre-la-precarite-energetique\/"},"wordCount":1043,"publisher":{"@id":"https:\/\/programme-slime.fr\/#organization"},"image":{"@id":"https:\/\/programme-slime.fr\/actualites\/slime-l-appui-europeen-pour-lutter-contre-la-precarite-energetique\/#primaryimage"},"thumbnailUrl":"https:\/\/programme-slime.fr\/wp-content\/uploads\/ajouter-un-sous-titre4-300x144.png","articleSection":["T\u00e9moignages"],"inLanguage":"fr-FR"},{"@type":"WebPage","@id":"https:\/\/programme-slime.fr\/actualites\/slime-l-appui-europeen-pour-lutter-contre-la-precarite-energetique\/","url":"https:\/\/programme-slime.fr\/actualites\/slime-l-appui-europeen-pour-lutter-contre-la-precarite-energetique\/","name":"L'appui europ\u00e9en pour lutter contre la pr\u00e9carit\u00e9 \u00e9nerg\u00e9tique - Programme Slime","isPartOf":{"@id":"https:\/\/programme-slime.fr\/#website"},"primaryImageOfPage":{"@id":"https:\/\/programme-slime.fr\/actualites\/slime-l-appui-europeen-pour-lutter-contre-la-precarite-energetique\/#primaryimage"},"image":{"@id":"https:\/\/programme-slime.fr\/actualites\/slime-l-appui-europeen-pour-lutter-contre-la-precarite-energetique\/#primaryimage"},"thumbnailUrl":"https:\/\/programme-slime.fr\/wp-content\/uploads\/ajouter-un-sous-titre4-300x144.png","datePublished":"2024-06-04T10:59:24+00:00","dateModified":"2025-10-31T14:57:13+00:00","breadcrumb":{"@id":"https:\/\/programme-slime.fr\/actualites\/slime-l-appui-europeen-pour-lutter-contre-la-precarite-energetique\/#breadcrumb"},"inLanguage":"fr-FR","potentialAction":[{"@type":"ReadAction","target":["https:\/\/programme-slime.fr\/actualites\/slime-l-appui-europeen-pour-lutter-contre-la-precarite-energetique\/"]}]},{"@type":"ImageObject","inLanguage":"fr-FR","@id":"https:\/\/programme-slime.fr\/actualites\/slime-l-appui-europeen-pour-lutter-contre-la-precarite-energetique\/#primaryimage","url":"","contentUrl":""},{"@type":"BreadcrumbList","@id":"https:\/\/programme-slime.fr\/actualites\/slime-l-appui-europeen-pour-lutter-contre-la-precarite-energetique\/#breadcrumb","itemListElement":[{"@type":"ListItem","position":1,"name":"Accueil","item":"https:\/\/programme-slime.fr\/"},{"@type":"ListItem","position":2,"name":"L&rsquo;appui europ\u00e9en pour lutter contre la pr\u00e9carit\u00e9 \u00e9nerg\u00e9tique"}]},{"@type":"WebSite","@id":"https:\/\/programme-slime.fr\/#website","url":"https:\/\/programme-slime.fr\/","name":"Programme Slime","description":"Une solution pour agir contre la pr\u00e9carit\u00e9 \u00e9nerg\u00e9tique","publisher":{"@id":"https:\/\/programme-slime.fr\/#organization"},"alternateName":"Slime","potentialAction":[{"@type":"SearchAction","target":{"@type":"EntryPoint","urlTemplate":"https:\/\/programme-slime.fr\/?s={search_term_string}"},"query-input":{"@type":"PropertyValueSpecification","valueRequired":true,"valueName":"search_term_string"}}],"inLanguage":"fr-FR"},{"@type":"Organization","@id":"https:\/\/programme-slime.fr\/#organization","name":"Slime","alternateName":"Slime","url":"https:\/\/programme-slime.fr\/","logo":{"@type":"ImageObject","inLanguage":"fr-FR","@id":"https:\/\/programme-slime.fr\/#\/schema\/logo\/image\/","url":"https:\/\/programme-slime.fr\/wp-content\/uploads\/2025\/10\/logo-slime.png","contentUrl":"https:\/\/programme-slime.fr\/wp-content\/uploads\/2025\/10\/logo-slime.png","width":477,"height":153,"caption":"Slime"},"image":{"@id":"https:\/\/programme-slime.fr\/#\/schema\/logo\/image\/"}},{"@type":"Person","@id":"https:\/\/programme-slime.fr\/#\/schema\/person\/156dd711f8e9a33b05b00222aff74e8a","name":"wami","sameAs":["https:\/\/programme-slime.fr"],"url":"https:\/\/programme-slime.fr\/actualites\/author\/wami\/"}]}},"_links":{"self":[{"href":"https:\/\/programme-slime.fr\/api\/wp\/v2\/posts\/1871","targetHints":{"allow":["GET"]}}],"collection":[{"href":"https:\/\/programme-slime.fr\/api\/wp\/v2\/posts"}],"about":[{"href":"https:\/\/programme-slime.fr\/api\/wp\/v2\/types\/post"}],"author":[{"embeddable":true,"href":"https:\/\/programme-slime.fr\/api\/wp\/v2\/users\/1"}],"replies":[{"embeddable":true,"href":"https:\/\/programme-slime.fr\/api\/wp\/v2\/comments?post=1871"}],"version-history":[{"count":3,"href":"https:\/\/programme-slime.fr\/api\/wp\/v2\/posts\/1871\/revisions"}],"predecessor-version":[{"id":2744,"href":"https:\/\/programme-slime.fr\/api\/wp\/v2\/posts\/1871\/revisions\/2744"}],"wp:attachment":[{"href":"https:\/\/programme-slime.fr\/api\/wp\/v2\/media?parent=1871"}],"wp:term":[{"taxonomy":"category","embeddable":true,"href":"https:\/\/programme-slime.fr\/api\/wp\/v2\/categories?post=1871"},{"taxonomy":"post_tag","embeddable":true,"href":"https:\/\/programme-slime.fr\/api\/wp\/v2\/tags?post=1871"}],"curies":[{"name":"wp","href":"https:\/\/api.w.org\/{rel}","templated":true}]}}