{"id":1488,"date":"2023-05-31T18:19:02","date_gmt":"2023-05-31T16:19:02","guid":{"rendered":"https:\/\/www.lesslime.fr\/actualites\/?p=1488"},"modified":"2025-11-05T11:44:18","modified_gmt":"2025-11-05T10:44:18","slug":"rapport-activites-2022","status":"publish","type":"post","link":"https:\/\/programme-slime.fr\/actualites\/rapport-activites-2022\/","title":{"rendered":"Retour sur 2022 au c\u0153ur du programme Slime"},"content":{"rendered":"<h2>Edito<\/h2>\n<p>\u00ab\u00a0<em>Le programme Slime a \u00e9t\u00e9 renouvel\u00e9 en 2022 dans un contexte de tension \u00e9nerg\u00e9tique. En toile de fond, la r\u00e9cession li\u00e9e \u00e0 la pand\u00e9mie de Covid-19, puis une reprise \u00e9conomique mondiale avec de fortes incidences sur la disponibilit\u00e9 en \u00e9nergie. L\u2019augmentation des prix de l\u2019\u00e9nergie aurait <a href=\"https:\/\/www.insee.fr\/fr\/statistiques\/6524161\">d\u00fb atteindre 54 %<\/a>. Elle a \u00e9t\u00e9 limit\u00e9e \u00e0 28 % pour les consommateurs r\u00e9sidentiels gr\u00e2ce \u00e0 la prolongation tout au long de l\u2019ann\u00e9e 2022 du boulier tarifaire mis en place fin 2021. Pour autant, les m\u00e9nages les plus modestes ont subi de plein fouet cette hausse contenue mais brutale des prix [&#8230;].<\/em><\/p>\n<p><em>Les enjeux li\u00e9s \u00e0 la d\u00e9tection et \u00e0 l\u2019accompagnement de ces familles sont plus que jamais essentiels et les besoins des familles comme des professionnels de terrain immenses. Fort des attentes exprim\u00e9es par ces derniers, <a href=\"https:\/\/cler.org\/\">le CLER &#8211; R\u00e9seau pour la transition \u00e9nerg\u00e9tique<\/a> a dot\u00e9 le programme Slime de meilleurs financements pour la coordination des dispositifs Slime et les actions de suivi apr\u00e8s une visite \u00e0 domicile pour les m\u00e9nages les plus fragiles qui ont besoin d\u2019un soutien renforc\u00e9, le d\u00e9veloppement d\u2019actions d\u2019animation et de communication autour du programme. <\/em><\/p>\n<p><em>Les objectifs d\u2019ici 2025 : engager 100 collectivit\u00e9s dans un Slime et accompagner 100 000 m\u00e9nages, gr\u00e2ce \u00e0 un budget de 56 millions d\u2019euros d\u00e9di\u00e9 au programme Slime sur 4 ans.<\/em>\u00a0\u00bb<\/p>\n<p><img loading=\"lazy\" decoding=\"async\" class=\"wp-image-1489 alignright\" src=\"https:\/\/programme-slime.fr\/wp-content\/uploads\/marie-moisan-coordinatrice-slime-300x200.png\" alt=\"\" width=\"247\" height=\"164\" \/><\/p>\n<h2>En 2022, le programme Slime \u00e9volue<\/h2>\n<p>Pour r\u00e9pondre aux besoins des m\u00e9nages les plus modestes, un soutien renforc\u00e9 \u00e0 \u00e9t\u00e9 mis en place cette ann\u00e9e. L\u2019objectif : apporter une aide suppl\u00e9mentaire aux m\u00e9nages les plus fragiles qui ont besoin d\u2019\u00eatre accompagn\u00e9s dans la mise en \u0153uvre des orientations suite \u00e0 la visite Slime.<\/p>\n<p>Une nouvelle formation \u00ab Conduire des m\u00e9diations extrajudiciaires locataires-bailleurs avec l\u2019approche de la Communication Non Violente \u00bb permet d\u00e9sormais d\u2019assurer la mont\u00e9e en comp\u00e9tences des acteurs de terrain du Slime engag\u00e9s dans le soutien renforc\u00e9 aux m\u00e9nages.<\/p>\n<p><a href=\"https:\/\/programme-slime.fr\/wp-content\/uploads\/rapport-annuel-slime-2022-vf.pdf\">Lire le rapport d&rsquo;activit\u00e9s 2022.<\/a><\/p>\n<h2>Le programme Slime en quelques chiffres<\/h2>\n<p>&nbsp;<\/p>\n","protected":false},"excerpt":{"rendered":"<p>Edito \u00ab\u00a0Le programme Slime a \u00e9t\u00e9 renouvel\u00e9 en 2022 dans un contexte de tension \u00e9nerg\u00e9tique. En toile de fond, la r\u00e9cession li\u00e9e \u00e0 la pand\u00e9mie de Covid-19, puis une reprise \u00e9conomique mondiale avec de fortes incidences sur la disponibilit\u00e9 en \u00e9nergie. L\u2019augmentation des prix de l\u2019\u00e9nergie aurait d\u00fb atteindre 54 %. Elle a \u00e9t\u00e9 limit\u00e9e [&hellip;]<\/p>\n","protected":false},"author":1,"featured_media":0,"comment_status":"closed","ping_status":"closed","sticky":false,"template":"","format":"standard","meta":{"_acf_changed":false,"footnotes":""},"categories":[4],"tags":[],"class_list":["post-1488","post","type-post","status-publish","format-standard","hentry","category-actualites"],"acf":[],"yoast_head":"<!-- This site is optimized with the Yoast SEO plugin v26.6 - https:\/\/yoast.com\/wordpress\/plugins\/seo\/ -->\n<title>Rapport d&#039;activit\u00e9s 2022 du programme Slime<\/title>\n<meta name=\"description\" content=\"T\u00e9l\u00e9chargez le rapport d&#039;activit\u00e9s 2022 du programme Slime publi\u00e9 par le CLER-R\u00e9seau pour la transition \u00e9nerg\u00e9tique.\" \/>\n<meta name=\"robots\" content=\"index, follow, max-snippet:-1, max-image-preview:large, max-video-preview:-1\" \/>\n<link rel=\"canonical\" href=\"https:\/\/programme-slime.fr\/actualites\/rapport-activites-2022\/\" \/>\n<meta property=\"og:locale\" content=\"fr_FR\" \/>\n<meta property=\"og:type\" content=\"article\" \/>\n<meta property=\"og:title\" content=\"Rapport d&#039;activit\u00e9s 2022 du programme Slime\" \/>\n<meta property=\"og:description\" content=\"T\u00e9l\u00e9chargez le rapport d&#039;activit\u00e9s 2022 du programme Slime publi\u00e9 par le CLER-R\u00e9seau pour la transition \u00e9nerg\u00e9tique.\" \/>\n<meta property=\"og:url\" content=\"https:\/\/programme-slime.fr\/actualites\/rapport-activites-2022\/\" \/>\n<meta property=\"og:site_name\" content=\"Programme Slime\" \/>\n<meta property=\"article:published_time\" content=\"2023-05-31T16:19:02+00:00\" \/>\n<meta property=\"article:modified_time\" content=\"2025-11-05T10:44:18+00:00\" \/>\n<meta property=\"og:image\" content=\"https:\/\/programme-slime.fr\/wp-content\/uploads\/marie-moisan-coordinatrice-slime-300x200.png\" \/>\n<meta name=\"author\" content=\"wami\" \/>\n<meta name=\"twitter:card\" content=\"summary_large_image\" \/>\n<meta name=\"twitter:label1\" content=\"\u00c9crit par\" \/>\n\t<meta name=\"twitter:data1\" content=\"wami\" \/>\n\t<meta name=\"twitter:label2\" content=\"Dur\u00e9e de lecture estim\u00e9e\" \/>\n\t<meta name=\"twitter:data2\" content=\"4 minutes\" \/>\n<script type=\"application\/ld+json\" class=\"yoast-schema-graph\">{\"@context\":\"https:\/\/schema.org\",\"@graph\":[{\"@type\":\"Article\",\"@id\":\"https:\/\/programme-slime.fr\/actualites\/rapport-activites-2022\/#article\",\"isPartOf\":{\"@id\":\"https:\/\/programme-slime.fr\/actualites\/rapport-activites-2022\/\"},\"author\":{\"name\":\"wami\",\"@id\":\"https:\/\/programme-slime.fr\/#\/schema\/person\/156dd711f8e9a33b05b00222aff74e8a\"},\"headline\":\"Retour sur 2022 au c\u0153ur du programme Slime\",\"datePublished\":\"2023-05-31T16:19:02+00:00\",\"dateModified\":\"2025-11-05T10:44:18+00:00\",\"mainEntityOfPage\":{\"@id\":\"https:\/\/programme-slime.fr\/actualites\/rapport-activites-2022\/\"},\"wordCount\":349,\"publisher\":{\"@id\":\"https:\/\/programme-slime.fr\/#organization\"},\"image\":{\"@id\":\"https:\/\/programme-slime.fr\/actualites\/rapport-activites-2022\/#primaryimage\"},\"thumbnailUrl\":\"https:\/\/programme-slime.fr\/wp-content\/uploads\/marie-moisan-coordinatrice-slime-300x200.png\",\"articleSection\":[\"Actualit\u00e9s du programme\"],\"inLanguage\":\"fr-FR\"},{\"@type\":\"WebPage\",\"@id\":\"https:\/\/programme-slime.fr\/actualites\/rapport-activites-2022\/\",\"url\":\"https:\/\/programme-slime.fr\/actualites\/rapport-activites-2022\/\",\"name\":\"Rapport d'activit\u00e9s 2022 du programme Slime\",\"isPartOf\":{\"@id\":\"https:\/\/programme-slime.fr\/#website\"},\"primaryImageOfPage\":{\"@id\":\"https:\/\/programme-slime.fr\/actualites\/rapport-activites-2022\/#primaryimage\"},\"image\":{\"@id\":\"https:\/\/programme-slime.fr\/actualites\/rapport-activites-2022\/#primaryimage\"},\"thumbnailUrl\":\"https:\/\/programme-slime.fr\/wp-content\/uploads\/marie-moisan-coordinatrice-slime-300x200.png\",\"datePublished\":\"2023-05-31T16:19:02+00:00\",\"dateModified\":\"2025-11-05T10:44:18+00:00\",\"description\":\"T\u00e9l\u00e9chargez le rapport d'activit\u00e9s 2022 du programme Slime publi\u00e9 par le CLER-R\u00e9seau pour la transition \u00e9nerg\u00e9tique.\",\"breadcrumb\":{\"@id\":\"https:\/\/programme-slime.fr\/actualites\/rapport-activites-2022\/#breadcrumb\"},\"inLanguage\":\"fr-FR\",\"potentialAction\":[{\"@type\":\"ReadAction\",\"target\":[\"https:\/\/programme-slime.fr\/actualites\/rapport-activites-2022\/\"]}]},{\"@type\":\"ImageObject\",\"inLanguage\":\"fr-FR\",\"@id\":\"https:\/\/programme-slime.fr\/actualites\/rapport-activites-2022\/#primaryimage\",\"url\":\"https:\/\/programme-slime.fr\/wp-content\/uploads\/2023\/05\/marie-moisan-coordinatrice-slime.png\",\"contentUrl\":\"https:\/\/programme-slime.fr\/wp-content\/uploads\/2023\/05\/marie-moisan-coordinatrice-slime.png\",\"width\":750,\"height\":500},{\"@type\":\"BreadcrumbList\",\"@id\":\"https:\/\/programme-slime.fr\/actualites\/rapport-activites-2022\/#breadcrumb\",\"itemListElement\":[{\"@type\":\"ListItem\",\"position\":1,\"name\":\"Accueil\",\"item\":\"https:\/\/programme-slime.fr\/\"},{\"@type\":\"ListItem\",\"position\":2,\"name\":\"Retour sur 2022 au c\u0153ur du programme Slime\"}]},{\"@type\":\"WebSite\",\"@id\":\"https:\/\/programme-slime.fr\/#website\",\"url\":\"https:\/\/programme-slime.fr\/\",\"name\":\"Programme Slime\",\"description\":\"Une solution pour agir contre la pr\u00e9carit\u00e9 \u00e9nerg\u00e9tique\",\"publisher\":{\"@id\":\"https:\/\/programme-slime.fr\/#organization\"},\"alternateName\":\"Slime\",\"potentialAction\":[{\"@type\":\"SearchAction\",\"target\":{\"@type\":\"EntryPoint\",\"urlTemplate\":\"https:\/\/programme-slime.fr\/?s={search_term_string}\"},\"query-input\":{\"@type\":\"PropertyValueSpecification\",\"valueRequired\":true,\"valueName\":\"search_term_string\"}}],\"inLanguage\":\"fr-FR\"},{\"@type\":\"Organization\",\"@id\":\"https:\/\/programme-slime.fr\/#organization\",\"name\":\"Slime\",\"alternateName\":\"Slime\",\"url\":\"https:\/\/programme-slime.fr\/\",\"logo\":{\"@type\":\"ImageObject\",\"inLanguage\":\"fr-FR\",\"@id\":\"https:\/\/programme-slime.fr\/#\/schema\/logo\/image\/\",\"url\":\"https:\/\/programme-slime.fr\/wp-content\/uploads\/2025\/10\/logo-slime.png\",\"contentUrl\":\"https:\/\/programme-slime.fr\/wp-content\/uploads\/2025\/10\/logo-slime.png\",\"width\":477,\"height\":153,\"caption\":\"Slime\"},\"image\":{\"@id\":\"https:\/\/programme-slime.fr\/#\/schema\/logo\/image\/\"}},{\"@type\":\"Person\",\"@id\":\"https:\/\/programme-slime.fr\/#\/schema\/person\/156dd711f8e9a33b05b00222aff74e8a\",\"name\":\"wami\",\"sameAs\":[\"https:\/\/programme-slime.fr\"],\"url\":\"https:\/\/programme-slime.fr\/actualites\/author\/wami\/\"}]}<\/script>\n<!-- \/ Yoast SEO plugin. -->","yoast_head_json":{"title":"Rapport d'activit\u00e9s 2022 du programme Slime","description":"T\u00e9l\u00e9chargez le rapport d'activit\u00e9s 2022 du programme Slime publi\u00e9 par le CLER-R\u00e9seau pour la transition \u00e9nerg\u00e9tique.","robots":{"index":"index","follow":"follow","max-snippet":"max-snippet:-1","max-image-preview":"max-image-preview:large","max-video-preview":"max-video-preview:-1"},"canonical":"https:\/\/programme-slime.fr\/actualites\/rapport-activites-2022\/","og_locale":"fr_FR","og_type":"article","og_title":"Rapport d'activit\u00e9s 2022 du programme Slime","og_description":"T\u00e9l\u00e9chargez le rapport d'activit\u00e9s 2022 du programme Slime publi\u00e9 par le CLER-R\u00e9seau pour la transition \u00e9nerg\u00e9tique.","og_url":"https:\/\/programme-slime.fr\/actualites\/rapport-activites-2022\/","og_site_name":"Programme Slime","article_published_time":"2023-05-31T16:19:02+00:00","article_modified_time":"2025-11-05T10:44:18+00:00","og_image":[{"url":"https:\/\/programme-slime.fr\/wp-content\/uploads\/marie-moisan-coordinatrice-slime-300x200.png","type":"","width":"","height":""}],"author":"wami","twitter_card":"summary_large_image","twitter_misc":{"\u00c9crit par":"wami","Dur\u00e9e de lecture estim\u00e9e":"4 minutes"},"schema":{"@context":"https:\/\/schema.org","@graph":[{"@type":"Article","@id":"https:\/\/programme-slime.fr\/actualites\/rapport-activites-2022\/#article","isPartOf":{"@id":"https:\/\/programme-slime.fr\/actualites\/rapport-activites-2022\/"},"author":{"name":"wami","@id":"https:\/\/programme-slime.fr\/#\/schema\/person\/156dd711f8e9a33b05b00222aff74e8a"},"headline":"Retour sur 2022 au c\u0153ur du programme Slime","datePublished":"2023-05-31T16:19:02+00:00","dateModified":"2025-11-05T10:44:18+00:00","mainEntityOfPage":{"@id":"https:\/\/programme-slime.fr\/actualites\/rapport-activites-2022\/"},"wordCount":349,"publisher":{"@id":"https:\/\/programme-slime.fr\/#organization"},"image":{"@id":"https:\/\/programme-slime.fr\/actualites\/rapport-activites-2022\/#primaryimage"},"thumbnailUrl":"https:\/\/programme-slime.fr\/wp-content\/uploads\/marie-moisan-coordinatrice-slime-300x200.png","articleSection":["Actualit\u00e9s du programme"],"inLanguage":"fr-FR"},{"@type":"WebPage","@id":"https:\/\/programme-slime.fr\/actualites\/rapport-activites-2022\/","url":"https:\/\/programme-slime.fr\/actualites\/rapport-activites-2022\/","name":"Rapport d'activit\u00e9s 2022 du programme Slime","isPartOf":{"@id":"https:\/\/programme-slime.fr\/#website"},"primaryImageOfPage":{"@id":"https:\/\/programme-slime.fr\/actualites\/rapport-activites-2022\/#primaryimage"},"image":{"@id":"https:\/\/programme-slime.fr\/actualites\/rapport-activites-2022\/#primaryimage"},"thumbnailUrl":"https:\/\/programme-slime.fr\/wp-content\/uploads\/marie-moisan-coordinatrice-slime-300x200.png","datePublished":"2023-05-31T16:19:02+00:00","dateModified":"2025-11-05T10:44:18+00:00","description":"T\u00e9l\u00e9chargez le rapport d'activit\u00e9s 2022 du programme Slime publi\u00e9 par le CLER-R\u00e9seau pour la transition \u00e9nerg\u00e9tique.","breadcrumb":{"@id":"https:\/\/programme-slime.fr\/actualites\/rapport-activites-2022\/#breadcrumb"},"inLanguage":"fr-FR","potentialAction":[{"@type":"ReadAction","target":["https:\/\/programme-slime.fr\/actualites\/rapport-activites-2022\/"]}]},{"@type":"ImageObject","inLanguage":"fr-FR","@id":"https:\/\/programme-slime.fr\/actualites\/rapport-activites-2022\/#primaryimage","url":"https:\/\/programme-slime.fr\/wp-content\/uploads\/2023\/05\/marie-moisan-coordinatrice-slime.png","contentUrl":"https:\/\/programme-slime.fr\/wp-content\/uploads\/2023\/05\/marie-moisan-coordinatrice-slime.png","width":750,"height":500},{"@type":"BreadcrumbList","@id":"https:\/\/programme-slime.fr\/actualites\/rapport-activites-2022\/#breadcrumb","itemListElement":[{"@type":"ListItem","position":1,"name":"Accueil","item":"https:\/\/programme-slime.fr\/"},{"@type":"ListItem","position":2,"name":"Retour sur 2022 au c\u0153ur du programme Slime"}]},{"@type":"WebSite","@id":"https:\/\/programme-slime.fr\/#website","url":"https:\/\/programme-slime.fr\/","name":"Programme Slime","description":"Une solution pour agir contre la pr\u00e9carit\u00e9 \u00e9nerg\u00e9tique","publisher":{"@id":"https:\/\/programme-slime.fr\/#organization"},"alternateName":"Slime","potentialAction":[{"@type":"SearchAction","target":{"@type":"EntryPoint","urlTemplate":"https:\/\/programme-slime.fr\/?s={search_term_string}"},"query-input":{"@type":"PropertyValueSpecification","valueRequired":true,"valueName":"search_term_string"}}],"inLanguage":"fr-FR"},{"@type":"Organization","@id":"https:\/\/programme-slime.fr\/#organization","name":"Slime","alternateName":"Slime","url":"https:\/\/programme-slime.fr\/","logo":{"@type":"ImageObject","inLanguage":"fr-FR","@id":"https:\/\/programme-slime.fr\/#\/schema\/logo\/image\/","url":"https:\/\/programme-slime.fr\/wp-content\/uploads\/2025\/10\/logo-slime.png","contentUrl":"https:\/\/programme-slime.fr\/wp-content\/uploads\/2025\/10\/logo-slime.png","width":477,"height":153,"caption":"Slime"},"image":{"@id":"https:\/\/programme-slime.fr\/#\/schema\/logo\/image\/"}},{"@type":"Person","@id":"https:\/\/programme-slime.fr\/#\/schema\/person\/156dd711f8e9a33b05b00222aff74e8a","name":"wami","sameAs":["https:\/\/programme-slime.fr"],"url":"https:\/\/programme-slime.fr\/actualites\/author\/wami\/"}]}},"_links":{"self":[{"href":"https:\/\/programme-slime.fr\/api\/wp\/v2\/posts\/1488","targetHints":{"allow":["GET"]}}],"collection":[{"href":"https:\/\/programme-slime.fr\/api\/wp\/v2\/posts"}],"about":[{"href":"https:\/\/programme-slime.fr\/api\/wp\/v2\/types\/post"}],"author":[{"embeddable":true,"href":"https:\/\/programme-slime.fr\/api\/wp\/v2\/users\/1"}],"replies":[{"embeddable":true,"href":"https:\/\/programme-slime.fr\/api\/wp\/v2\/comments?post=1488"}],"version-history":[{"count":6,"href":"https:\/\/programme-slime.fr\/api\/wp\/v2\/posts\/1488\/revisions"}],"predecessor-version":[{"id":2819,"href":"https:\/\/programme-slime.fr\/api\/wp\/v2\/posts\/1488\/revisions\/2819"}],"wp:attachment":[{"href":"https:\/\/programme-slime.fr\/api\/wp\/v2\/media?parent=1488"}],"wp:term":[{"taxonomy":"category","embeddable":true,"href":"https:\/\/programme-slime.fr\/api\/wp\/v2\/categories?post=1488"},{"taxonomy":"post_tag","embeddable":true,"href":"https:\/\/programme-slime.fr\/api\/wp\/v2\/tags?post=1488"}],"curies":[{"name":"wp","href":"https:\/\/api.w.org\/{rel}","templated":true}]}}